{"id":5215,"date":"2023-05-11T21:44:53","date_gmt":"2023-05-12T01:44:53","guid":{"rendered":"https:\/\/latinamericanfashionawards.com\/?p=5215"},"modified":"2024-06-06T15:47:10","modified_gmt":"2024-06-06T19:47:10","slug":"anna-dello-russo-2","status":"publish","type":"post","link":"https:\/\/latinamericanfashionawards.com\/es\/anna-dello-russo-2\/","title":{"rendered":"ANNA DELLO RUSSO"},"content":{"rendered":"\t\t<div data-elementor-type=\"wp-post\" data-elementor-id=\"5215\" class=\"elementor elementor-5215 elementor-5214\" data-elementor-post-type=\"post\">\n\t\t\t\t\t\t<section class=\"elementor-section elementor-top-section elementor-element elementor-element-45b9393 elementor-section-content-middle elementor-section-boxed elementor-section-height-default elementor-section-height-default\" data-id=\"45b9393\" data-element_type=\"section\">\n\t\t\t\t\t\t<div class=\"elementor-container elementor-column-gap-default\">\n\t\t\t\t\t<div class=\"elementor-column elementor-col-50 elementor-top-column elementor-element elementor-element-94768ac\" data-id=\"94768ac\" data-element_type=\"column\">\n\t\t\t<div class=\"elementor-widget-wrap elementor-element-populated\">\n\t\t\t\t\t\t<div class=\"elementor-element elementor-element-d00b260 elementor-widget elementor-widget-image\" data-id=\"d00b260\" data-element_type=\"widget\" data-widget_type=\"image.default\">\n\t\t\t\t<div class=\"elementor-widget-container\">\n\t\t\t\t\t\t\t\t\t\t\t\t\t\t\t<img fetchpriority=\"high\" decoding=\"async\" width=\"768\" height=\"1157\" src=\"https:\/\/latinamericanfashionawards.com\/wp-content\/uploads\/2024\/04\/thumbnail-schermata-2023-04-12-alle-183035-768x1157.png\" class=\"attachment-medium_large size-medium_large wp-image-11845\" alt=\"\" srcset=\"https:\/\/latinamericanfashionawards.com\/wp-content\/uploads\/2024\/04\/thumbnail-schermata-2023-04-12-alle-183035-768x1157.png 768w, https:\/\/latinamericanfashionawards.com\/wp-content\/uploads\/2024\/04\/thumbnail-schermata-2023-04-12-alle-183035-199x300.png 199w, https:\/\/latinamericanfashionawards.com\/wp-content\/uploads\/2024\/04\/thumbnail-schermata-2023-04-12-alle-183035-680x1024.png 680w, https:\/\/latinamericanfashionawards.com\/wp-content\/uploads\/2024\/04\/thumbnail-schermata-2023-04-12-alle-183035.png 850w\" sizes=\"(max-width: 768px) 100vw, 768px\" \/>\t\t\t\t\t\t\t\t\t\t\t\t\t\t\t<\/div>\n\t\t\t\t<\/div>\n\t\t\t\t\t<\/div>\n\t\t<\/div>\n\t\t\t\t<div class=\"elementor-column elementor-col-50 elementor-top-column elementor-element elementor-element-3e294af\" data-id=\"3e294af\" data-element_type=\"column\">\n\t\t\t<div class=\"elementor-widget-wrap elementor-element-populated\">\n\t\t\t\t\t\t<div class=\"elementor-element elementor-element-004231d elementor-widget__width-inherit elementor-widget elementor-widget-heading\" data-id=\"004231d\" data-element_type=\"widget\" data-widget_type=\"heading.default\">\n\t\t\t\t<div class=\"elementor-widget-container\">\n\t\t\t\t\t<h1 class=\"elementor-heading-title elementor-size-default\">ANNA DELLO RUSSO<\/h1>\t\t\t\t<\/div>\n\t\t\t\t<\/div>\n\t\t\t\t<div class=\"elementor-element elementor-element-95608b5 elementor-widget elementor-widget-heading\" data-id=\"95608b5\" data-element_type=\"widget\" data-widget_type=\"heading.default\">\n\t\t\t\t<div class=\"elementor-widget-container\">\n\t\t\t\t\t<div class=\"elementor-heading-title elementor-size-default\">Latin American Fashion Awards | JURADO<\/div>\t\t\t\t<\/div>\n\t\t\t\t<\/div>\n\t\t\t\t<div class=\"elementor-element elementor-element-5e932b9 elementor-widget elementor-widget-text-editor\" data-id=\"5e932b9\" data-element_type=\"widget\" data-widget_type=\"text-editor.default\">\n\t\t\t\t<div class=\"elementor-widget-container\">\n\t\t\t\t\t\t\t\t\t<p>Definida por Helmut Newton como \u00abman\u00edaca de la moda\u00bb, Anna Dello Russo es un personaje ecl\u00e9ctico que vive m\u00faltiples vidas.<\/p><p>Ex-Editora General y Consultora Creativa de Vogue Jap\u00f3n, Anna es una de las periodistas de moda m\u00e1s influyentes del mundo y una de las primeras en crear una marca personal de s\u00ed misma.<\/p><p>Dello Russo trabaj\u00f3 en Grupo Cond\u00e8 Nast Italia durante 18 a\u00f1os, comenzando como Editora de Moda para Vogue Italia y convirti\u00e9ndose en el a\u00f1o 2000 en Editora en Jefe de L\u2019Uomo Vogue, puesto que ocup\u00f3 durante seis a\u00f1os, para convertirse en Directora Creativa de Vogue Jap\u00f3n, donde trabaj\u00f3 hasta el 2020.<\/p><p>Anna es una consultora de reconocidas marcas de moda del mundo y trabaja en redes sociales con una exitosa carrera en el Street Style.<\/p><p>Internacionalmente reconocida por su estilo extravagante y su constante cambio de look, Anna Dello Russo es la perfecta defensora de la \u00abModa en Exceso\u00bb.<\/p>\t\t\t\t\t\t\t\t<\/div>\n\t\t\t\t<\/div>\n\t\t\t\t<div class=\"elementor-element elementor-element-727e1f7 elementor-view-default elementor-widget elementor-widget-icon\" data-id=\"727e1f7\" data-element_type=\"widget\" data-widget_type=\"icon.default\">\n\t\t\t\t<div class=\"elementor-widget-container\">\n\t\t\t\t\t\t\t<div class=\"elementor-icon-wrapper\">\n\t\t\t<a class=\"elementor-icon\" href=\"https:\/\/www.instagram.com\/annadellorusso\/\" target=\"_blank\" rel=\"nofollow\">\n\t\t\t<i aria-hidden=\"true\" class=\"fab fa-instagram\"><\/i>\t\t\t<\/a>\n\t\t<\/div>\n\t\t\t\t\t\t<\/div>\n\t\t\t\t<\/div>\n\t\t\t\t\t<\/div>\n\t\t<\/div>\n\t\t\t\t\t<\/div>\n\t\t<\/section>\n\t\t\t\t<\/div>\n\t\t","protected":false},"excerpt":{"rendered":"<p>ANNA DELLO RUSSO Latin American Fashion Awards | JURADO Definida por Helmut Newton como \u00abman\u00edaca de la moda\u00bb, Anna Dello Russo es un personaje ecl\u00e9ctico que vive m\u00faltiples vidas. Ex-Editora General y Consultora Creativa de Vogue Jap\u00f3n, Anna es una de las periodistas de moda m\u00e1s influyentes del mundo y una de las primeras en [&hellip;]<\/p>\n","protected":false},"author":3,"featured_media":0,"comment_status":"open","ping_status":"open","sticky":false,"template":"","format":"standard","meta":{"_acf_changed":false,"footnotes":""},"categories":[1],"tags":[],"class_list":["post-5215","post","type-post","status-publish","format-standard","hentry","category-elle"],"acf":[],"yoast_head":"<!-- This site is optimized with the Yoast SEO plugin v26.4 - https:\/\/yoast.com\/wordpress\/plugins\/seo\/ -->\n<title>ANNA DELLO RUSSO - JURADO - Latin American Fashion Awards<\/title>\n<meta name=\"description\" content=\"Ex-Editora General y Consultora Creativa de Vogue Jap\u00f3n, Anna es una de las periodistas de moda m\u00e1s influyentes del mundo y una de las primeras en crear una marca personal de s\u00ed misma.\" \/>\n<meta name=\"robots\" content=\"index, follow, max-snippet:-1, max-image-preview:large, max-video-preview:-1\" \/>\n<link rel=\"canonical\" href=\"https:\/\/latinamericanfashionawards.com\/es\/anna-dello-russo-2\/\" \/>\n<meta property=\"og:locale\" content=\"es_ES\" \/>\n<meta property=\"og:type\" content=\"article\" \/>\n<meta property=\"og:title\" content=\"ANNA DELLO RUSSO - JURADO - Latin American Fashion Awards\" \/>\n<meta property=\"og:description\" content=\"Ex-Editora General y Consultora Creativa de Vogue Jap\u00f3n, Anna es una de las periodistas de moda m\u00e1s influyentes del mundo y una de las primeras en crear una marca personal de s\u00ed misma.\" \/>\n<meta property=\"og:url\" content=\"https:\/\/latinamericanfashionawards.com\/es\/anna-dello-russo-2\/\" \/>\n<meta property=\"og:site_name\" content=\"Latin American Fashion Awards\" \/>\n<meta property=\"article:published_time\" content=\"2023-05-12T01:44:53+00:00\" \/>\n<meta property=\"article:modified_time\" content=\"2024-06-06T19:47:10+00:00\" \/>\n<meta property=\"og:image\" content=\"https:\/\/latinamericanfashionawards.com\/wp-content\/uploads\/2024\/04\/thumbnail-schermata-2023-04-12-alle-183035-768x1157.png\" \/>\n<meta name=\"author\" content=\"Paz Montes\" \/>\n<meta name=\"twitter:card\" content=\"summary_large_image\" \/>\n<meta name=\"twitter:label1\" content=\"Escrito por\" \/>\n\t<meta name=\"twitter:data1\" content=\"Paz Montes\" \/>\n\t<meta name=\"twitter:label2\" content=\"Tiempo de lectura\" \/>\n\t<meta name=\"twitter:data2\" content=\"1 minuto\" \/>\n<script type=\"application\/ld+json\" class=\"yoast-schema-graph\">{\"@context\":\"https:\/\/schema.org\",\"@graph\":[{\"@type\":\"Article\",\"@id\":\"https:\/\/latinamericanfashionawards.com\/es\/anna-dello-russo-2\/#article\",\"isPartOf\":{\"@id\":\"https:\/\/latinamericanfashionawards.com\/es\/anna-dello-russo-2\/\"},\"author\":{\"name\":\"Paz Montes\",\"@id\":\"https:\/\/latinamericanfashionawards.com\/es\/#\/schema\/person\/7f20e1143be0c8be8a710b2e0abe4d83\"},\"headline\":\"ANNA DELLO RUSSO\",\"datePublished\":\"2023-05-12T01:44:53+00:00\",\"dateModified\":\"2024-06-06T19:47:10+00:00\",\"mainEntityOfPage\":{\"@id\":\"https:\/\/latinamericanfashionawards.com\/es\/anna-dello-russo-2\/\"},\"wordCount\":171,\"commentCount\":0,\"publisher\":{\"@id\":\"https:\/\/latinamericanfashionawards.com\/es\/#organization\"},\"image\":{\"@id\":\"https:\/\/latinamericanfashionawards.com\/es\/anna-dello-russo-2\/#primaryimage\"},\"thumbnailUrl\":\"https:\/\/latinamericanfashionawards.com\/wp-content\/uploads\/2024\/04\/thumbnail-schermata-2023-04-12-alle-183035-768x1157.png\",\"articleSection\":[\"ELLE\"],\"inLanguage\":\"es\",\"potentialAction\":[{\"@type\":\"CommentAction\",\"name\":\"Comment\",\"target\":[\"https:\/\/latinamericanfashionawards.com\/es\/anna-dello-russo-2\/#respond\"]}]},{\"@type\":\"WebPage\",\"@id\":\"https:\/\/latinamericanfashionawards.com\/es\/anna-dello-russo-2\/\",\"url\":\"https:\/\/latinamericanfashionawards.com\/es\/anna-dello-russo-2\/\",\"name\":\"ANNA DELLO RUSSO - JURADO - Latin American Fashion Awards\",\"isPartOf\":{\"@id\":\"https:\/\/latinamericanfashionawards.com\/es\/#website\"},\"primaryImageOfPage\":{\"@id\":\"https:\/\/latinamericanfashionawards.com\/es\/anna-dello-russo-2\/#primaryimage\"},\"image\":{\"@id\":\"https:\/\/latinamericanfashionawards.com\/es\/anna-dello-russo-2\/#primaryimage\"},\"thumbnailUrl\":\"https:\/\/latinamericanfashionawards.com\/wp-content\/uploads\/2024\/04\/thumbnail-schermata-2023-04-12-alle-183035-768x1157.png\",\"datePublished\":\"2023-05-12T01:44:53+00:00\",\"dateModified\":\"2024-06-06T19:47:10+00:00\",\"description\":\"Ex-Editora General y Consultora Creativa de Vogue Jap\u00f3n, Anna es una de las periodistas de moda m\u00e1s influyentes del mundo y una de las primeras en crear una marca personal de s\u00ed misma.\",\"breadcrumb\":{\"@id\":\"https:\/\/latinamericanfashionawards.com\/es\/anna-dello-russo-2\/#breadcrumb\"},\"inLanguage\":\"es\",\"potentialAction\":[{\"@type\":\"ReadAction\",\"target\":[\"https:\/\/latinamericanfashionawards.com\/es\/anna-dello-russo-2\/\"]}]},{\"@type\":\"ImageObject\",\"inLanguage\":\"es\",\"@id\":\"https:\/\/latinamericanfashionawards.com\/es\/anna-dello-russo-2\/#primaryimage\",\"url\":\"https:\/\/latinamericanfashionawards.com\/wp-content\/uploads\/2024\/04\/thumbnail-schermata-2023-04-12-alle-183035-768x1157.png\",\"contentUrl\":\"https:\/\/latinamericanfashionawards.com\/wp-content\/uploads\/2024\/04\/thumbnail-schermata-2023-04-12-alle-183035-768x1157.png\"},{\"@type\":\"BreadcrumbList\",\"@id\":\"https:\/\/latinamericanfashionawards.com\/es\/anna-dello-russo-2\/#breadcrumb\",\"itemListElement\":[{\"@type\":\"ListItem\",\"position\":1,\"name\":\"Home\",\"item\":\"https:\/\/latinamericanfashionawards.com\/es\/\"},{\"@type\":\"ListItem\",\"position\":2,\"name\":\"ANNA DELLO RUSSO\"}]},{\"@type\":\"WebSite\",\"@id\":\"https:\/\/latinamericanfashionawards.com\/es\/#website\",\"url\":\"https:\/\/latinamericanfashionawards.com\/es\/\",\"name\":\"Latin American Fashion Awards\",\"description\":\"The First Ever Latin American Fashion Awards\",\"publisher\":{\"@id\":\"https:\/\/latinamericanfashionawards.com\/es\/#organization\"},\"potentialAction\":[{\"@type\":\"SearchAction\",\"target\":{\"@type\":\"EntryPoint\",\"urlTemplate\":\"https:\/\/latinamericanfashionawards.com\/es\/?s={search_term_string}\"},\"query-input\":{\"@type\":\"PropertyValueSpecification\",\"valueRequired\":true,\"valueName\":\"search_term_string\"}}],\"inLanguage\":\"es\"},{\"@type\":\"Organization\",\"@id\":\"https:\/\/latinamericanfashionawards.com\/es\/#organization\",\"name\":\"Latin American Fashion Awards\",\"url\":\"https:\/\/latinamericanfashionawards.com\/es\/\",\"logo\":{\"@type\":\"ImageObject\",\"inLanguage\":\"es\",\"@id\":\"https:\/\/latinamericanfashionawards.com\/es\/#\/schema\/logo\/image\/\",\"url\":\"https:\/\/latinamericanfashionawards.com\/wp-content\/uploads\/2023\/01\/LAFA-awards-logo-1.svg\",\"contentUrl\":\"https:\/\/latinamericanfashionawards.com\/wp-content\/uploads\/2023\/01\/LAFA-awards-logo-1.svg\",\"width\":454,\"height\":349,\"caption\":\"Latin American Fashion Awards\"},\"image\":{\"@id\":\"https:\/\/latinamericanfashionawards.com\/es\/#\/schema\/logo\/image\/\"}},{\"@type\":\"Person\",\"@id\":\"https:\/\/latinamericanfashionawards.com\/es\/#\/schema\/person\/7f20e1143be0c8be8a710b2e0abe4d83\",\"name\":\"Paz Montes\",\"image\":{\"@type\":\"ImageObject\",\"inLanguage\":\"es\",\"@id\":\"https:\/\/latinamericanfashionawards.com\/es\/#\/schema\/person\/image\/\",\"url\":\"https:\/\/secure.gravatar.com\/avatar\/75605f80d6eab0d524b84d5dd211908a62e6fef42e37e9a52a8fadea394f5e3e?s=96&d=mm&r=g\",\"contentUrl\":\"https:\/\/secure.gravatar.com\/avatar\/75605f80d6eab0d524b84d5dd211908a62e6fef42e37e9a52a8fadea394f5e3e?s=96&d=mm&r=g\",\"caption\":\"Paz Montes\"},\"sameAs\":[\"https:\/\/latinamericanfashionawards.com\/\"]}]}<\/script>\n<!-- \/ Yoast SEO plugin. -->","yoast_head_json":{"title":"ANNA DELLO RUSSO - JURADO - Latin American Fashion Awards","description":"Ex-Editora General y Consultora Creativa de Vogue Jap\u00f3n, Anna es una de las periodistas de moda m\u00e1s influyentes del mundo y una de las primeras en crear una marca personal de s\u00ed misma.","robots":{"index":"index","follow":"follow","max-snippet":"max-snippet:-1","max-image-preview":"max-image-preview:large","max-video-preview":"max-video-preview:-1"},"canonical":"https:\/\/latinamericanfashionawards.com\/es\/anna-dello-russo-2\/","og_locale":"es_ES","og_type":"article","og_title":"ANNA DELLO RUSSO - JURADO - Latin American Fashion Awards","og_description":"Ex-Editora General y Consultora Creativa de Vogue Jap\u00f3n, Anna es una de las periodistas de moda m\u00e1s influyentes del mundo y una de las primeras en crear una marca personal de s\u00ed misma.","og_url":"https:\/\/latinamericanfashionawards.com\/es\/anna-dello-russo-2\/","og_site_name":"Latin American Fashion Awards","article_published_time":"2023-05-12T01:44:53+00:00","article_modified_time":"2024-06-06T19:47:10+00:00","og_image":[{"url":"https:\/\/latinamericanfashionawards.com\/wp-content\/uploads\/2024\/04\/thumbnail-schermata-2023-04-12-alle-183035-768x1157.png","type":"","width":"","height":""}],"author":"Paz Montes","twitter_card":"summary_large_image","twitter_misc":{"Escrito por":"Paz Montes","Tiempo de lectura":"1 minuto"},"schema":{"@context":"https:\/\/schema.org","@graph":[{"@type":"Article","@id":"https:\/\/latinamericanfashionawards.com\/es\/anna-dello-russo-2\/#article","isPartOf":{"@id":"https:\/\/latinamericanfashionawards.com\/es\/anna-dello-russo-2\/"},"author":{"name":"Paz Montes","@id":"https:\/\/latinamericanfashionawards.com\/es\/#\/schema\/person\/7f20e1143be0c8be8a710b2e0abe4d83"},"headline":"ANNA DELLO RUSSO","datePublished":"2023-05-12T01:44:53+00:00","dateModified":"2024-06-06T19:47:10+00:00","mainEntityOfPage":{"@id":"https:\/\/latinamericanfashionawards.com\/es\/anna-dello-russo-2\/"},"wordCount":171,"commentCount":0,"publisher":{"@id":"https:\/\/latinamericanfashionawards.com\/es\/#organization"},"image":{"@id":"https:\/\/latinamericanfashionawards.com\/es\/anna-dello-russo-2\/#primaryimage"},"thumbnailUrl":"https:\/\/latinamericanfashionawards.com\/wp-content\/uploads\/2024\/04\/thumbnail-schermata-2023-04-12-alle-183035-768x1157.png","articleSection":["ELLE"],"inLanguage":"es","potentialAction":[{"@type":"CommentAction","name":"Comment","target":["https:\/\/latinamericanfashionawards.com\/es\/anna-dello-russo-2\/#respond"]}]},{"@type":"WebPage","@id":"https:\/\/latinamericanfashionawards.com\/es\/anna-dello-russo-2\/","url":"https:\/\/latinamericanfashionawards.com\/es\/anna-dello-russo-2\/","name":"ANNA DELLO RUSSO - JURADO - Latin American Fashion Awards","isPartOf":{"@id":"https:\/\/latinamericanfashionawards.com\/es\/#website"},"primaryImageOfPage":{"@id":"https:\/\/latinamericanfashionawards.com\/es\/anna-dello-russo-2\/#primaryimage"},"image":{"@id":"https:\/\/latinamericanfashionawards.com\/es\/anna-dello-russo-2\/#primaryimage"},"thumbnailUrl":"https:\/\/latinamericanfashionawards.com\/wp-content\/uploads\/2024\/04\/thumbnail-schermata-2023-04-12-alle-183035-768x1157.png","datePublished":"2023-05-12T01:44:53+00:00","dateModified":"2024-06-06T19:47:10+00:00","description":"Ex-Editora General y Consultora Creativa de Vogue Jap\u00f3n, Anna es una de las periodistas de moda m\u00e1s influyentes del mundo y una de las primeras en crear una marca personal de s\u00ed misma.","breadcrumb":{"@id":"https:\/\/latinamericanfashionawards.com\/es\/anna-dello-russo-2\/#breadcrumb"},"inLanguage":"es","potentialAction":[{"@type":"ReadAction","target":["https:\/\/latinamericanfashionawards.com\/es\/anna-dello-russo-2\/"]}]},{"@type":"ImageObject","inLanguage":"es","@id":"https:\/\/latinamericanfashionawards.com\/es\/anna-dello-russo-2\/#primaryimage","url":"https:\/\/latinamericanfashionawards.com\/wp-content\/uploads\/2024\/04\/thumbnail-schermata-2023-04-12-alle-183035-768x1157.png","contentUrl":"https:\/\/latinamericanfashionawards.com\/wp-content\/uploads\/2024\/04\/thumbnail-schermata-2023-04-12-alle-183035-768x1157.png"},{"@type":"BreadcrumbList","@id":"https:\/\/latinamericanfashionawards.com\/es\/anna-dello-russo-2\/#breadcrumb","itemListElement":[{"@type":"ListItem","position":1,"name":"Home","item":"https:\/\/latinamericanfashionawards.com\/es\/"},{"@type":"ListItem","position":2,"name":"ANNA DELLO RUSSO"}]},{"@type":"WebSite","@id":"https:\/\/latinamericanfashionawards.com\/es\/#website","url":"https:\/\/latinamericanfashionawards.com\/es\/","name":"Latin American Fashion Awards","description":"The First Ever Latin American Fashion Awards","publisher":{"@id":"https:\/\/latinamericanfashionawards.com\/es\/#organization"},"potentialAction":[{"@type":"SearchAction","target":{"@type":"EntryPoint","urlTemplate":"https:\/\/latinamericanfashionawards.com\/es\/?s={search_term_string}"},"query-input":{"@type":"PropertyValueSpecification","valueRequired":true,"valueName":"search_term_string"}}],"inLanguage":"es"},{"@type":"Organization","@id":"https:\/\/latinamericanfashionawards.com\/es\/#organization","name":"Latin American Fashion Awards","url":"https:\/\/latinamericanfashionawards.com\/es\/","logo":{"@type":"ImageObject","inLanguage":"es","@id":"https:\/\/latinamericanfashionawards.com\/es\/#\/schema\/logo\/image\/","url":"https:\/\/latinamericanfashionawards.com\/wp-content\/uploads\/2023\/01\/LAFA-awards-logo-1.svg","contentUrl":"https:\/\/latinamericanfashionawards.com\/wp-content\/uploads\/2023\/01\/LAFA-awards-logo-1.svg","width":454,"height":349,"caption":"Latin American Fashion Awards"},"image":{"@id":"https:\/\/latinamericanfashionawards.com\/es\/#\/schema\/logo\/image\/"}},{"@type":"Person","@id":"https:\/\/latinamericanfashionawards.com\/es\/#\/schema\/person\/7f20e1143be0c8be8a710b2e0abe4d83","name":"Paz Montes","image":{"@type":"ImageObject","inLanguage":"es","@id":"https:\/\/latinamericanfashionawards.com\/es\/#\/schema\/person\/image\/","url":"https:\/\/secure.gravatar.com\/avatar\/75605f80d6eab0d524b84d5dd211908a62e6fef42e37e9a52a8fadea394f5e3e?s=96&d=mm&r=g","contentUrl":"https:\/\/secure.gravatar.com\/avatar\/75605f80d6eab0d524b84d5dd211908a62e6fef42e37e9a52a8fadea394f5e3e?s=96&d=mm&r=g","caption":"Paz Montes"},"sameAs":["https:\/\/latinamericanfashionawards.com\/"]}]}},"_links":{"self":[{"href":"https:\/\/latinamericanfashionawards.com\/es\/wp-json\/wp\/v2\/posts\/5215","targetHints":{"allow":["GET"]}}],"collection":[{"href":"https:\/\/latinamericanfashionawards.com\/es\/wp-json\/wp\/v2\/posts"}],"about":[{"href":"https:\/\/latinamericanfashionawards.com\/es\/wp-json\/wp\/v2\/types\/post"}],"author":[{"embeddable":true,"href":"https:\/\/latinamericanfashionawards.com\/es\/wp-json\/wp\/v2\/users\/3"}],"replies":[{"embeddable":true,"href":"https:\/\/latinamericanfashionawards.com\/es\/wp-json\/wp\/v2\/comments?post=5215"}],"version-history":[{"count":0,"href":"https:\/\/latinamericanfashionawards.com\/es\/wp-json\/wp\/v2\/posts\/5215\/revisions"}],"wp:attachment":[{"href":"https:\/\/latinamericanfashionawards.com\/es\/wp-json\/wp\/v2\/media?parent=5215"}],"wp:term":[{"taxonomy":"category","embeddable":true,"href":"https:\/\/latinamericanfashionawards.com\/es\/wp-json\/wp\/v2\/categories?post=5215"},{"taxonomy":"post_tag","embeddable":true,"href":"https:\/\/latinamericanfashionawards.com\/es\/wp-json\/wp\/v2\/tags?post=5215"}],"curies":[{"name":"wp","href":"https:\/\/api.w.org\/{rel}","templated":true}]}}